{"id":1941,"date":"2021-10-05T13:07:57","date_gmt":"2021-10-05T11:07:57","guid":{"rendered":"http:\/\/www.vhw-digitalart.de\/Wordpress\/?p=1941"},"modified":"2021-10-05T13:08:56","modified_gmt":"2021-10-05T11:08:56","slug":"neue-kalender-fuer-2022","status":"publish","type":"post","link":"http:\/\/www.vhw-digitalart.de\/Wordpress\/?p=1941","title":{"rendered":"Neue Kalender f\u00fcr 2022"},"content":{"rendered":"\n<p>Es gibt wieder Kalender von uns. <br>Hildesheimer Motive in der Gr\u00f6\u00dfe A3 f\u00fcr die Wand<\/p>\n\n\n\n<p> <a href=\"http:\/\/www.vhw-digitalart.de\/Wordpress\/?page_id=1432\"><img decoding=\"async\" loading=\"lazy\" width=\"2480\" height=\"1754\" class=\"wp-image-1938\" style=\"width: 200px;\" src=\"http:\/\/www.vhw-digitalart.de\/Wordpress\/wp-content\/uploads\/2021\/10\/2022-Hildesheim-A3-Seite001.jpg\" alt=\"\" srcset=\"http:\/\/www.vhw-digitalart.de\/Wordpress\/wp-content\/uploads\/2021\/10\/2022-Hildesheim-A3-Seite001.jpg 2480w, http:\/\/www.vhw-digitalart.de\/Wordpress\/wp-content\/uploads\/2021\/10\/2022-Hildesheim-A3-Seite001-300x212.jpg 300w, http:\/\/www.vhw-digitalart.de\/Wordpress\/wp-content\/uploads\/2021\/10\/2022-Hildesheim-A3-Seite001-1024x724.jpg 1024w, http:\/\/www.vhw-digitalart.de\/Wordpress\/wp-content\/uploads\/2021\/10\/2022-Hildesheim-A3-Seite001-768x543.jpg 768w, http:\/\/www.vhw-digitalart.de\/Wordpress\/wp-content\/uploads\/2021\/10\/2022-Hildesheim-A3-Seite001-1536x1086.jpg 1536w, http:\/\/www.vhw-digitalart.de\/Wordpress\/wp-content\/uploads\/2021\/10\/2022-Hildesheim-A3-Seite001-2048x1448.jpg 2048w\" sizes=\"(max-width: 706px) 89vw, (max-width: 767px) 82vw, 740px\" \/><\/a> <\/p>\n\n\n\n<p>und in der Gr\u00f6\u00dfe A5 f\u00fcr den Tisch. Als praktischer Aufstellkalender.<\/p>\n\n\n\n<p><a href=\"http:\/\/www.vhw-digitalart.de\/Wordpress\/?page_id=1427\" data-type=\"URL\" data-id=\"http:\/\/www.vhw-digitalart.de\/Wordpress\/?page_id=1427\"><img decoding=\"async\" loading=\"lazy\" width=\"1252\" height=\"886\" class=\"wp-image-1937\" style=\"width: 200px;\" src=\"http:\/\/www.vhw-digitalart.de\/Wordpress\/wp-content\/uploads\/2021\/10\/2022-Hildesheim-A5-Seite001.jpg\" alt=\"\" srcset=\"http:\/\/www.vhw-digitalart.de\/Wordpress\/wp-content\/uploads\/2021\/10\/2022-Hildesheim-A5-Seite001.jpg 1252w, http:\/\/www.vhw-digitalart.de\/Wordpress\/wp-content\/uploads\/2021\/10\/2022-Hildesheim-A5-Seite001-300x212.jpg 300w, http:\/\/www.vhw-digitalart.de\/Wordpress\/wp-content\/uploads\/2021\/10\/2022-Hildesheim-A5-Seite001-1024x725.jpg 1024w, http:\/\/www.vhw-digitalart.de\/Wordpress\/wp-content\/uploads\/2021\/10\/2022-Hildesheim-A5-Seite001-768x543.jpg 768w\" sizes=\"(max-width: 706px) 89vw, (max-width: 767px) 82vw, 740px\" \/><\/a><\/p>\n\n\n\n<p>Einfach die Vorschau unter unsere Kalenderseite (ein Klick auf die Bilder) anschauen. Bei gefallen darf er auch gerne gekauft werden. Wir freuen uns \u00fcber jeden Kalender der den Besitzer wechselt.<\/p>\n","protected":false},"excerpt":{"rendered":"<p>Es gibt wieder Kalender von uns. Hildesheimer Motive in der Gr\u00f6\u00dfe A3 f\u00fcr die Wand und in der Gr\u00f6\u00dfe A5 f\u00fcr den Tisch. Als praktischer Aufstellkalender. Einfach die Vorschau unter unsere Kalenderseite (ein Klick auf die Bilder) anschauen. Bei gefallen darf er auch gerne gekauft werden. Wir freuen uns \u00fcber jeden Kalender der den Besitzer &hellip; <\/p>\n<p class=\"link-more\"><a href=\"http:\/\/www.vhw-digitalart.de\/Wordpress\/?p=1941\" class=\"more-link\"><span class=\"screen-reader-text\">\u201eNeue Kalender f\u00fcr 2022\u201c<\/span> weiterlesen<\/a><\/p>\n","protected":false},"author":1,"featured_media":0,"comment_status":"closed","ping_status":"closed","sticky":false,"template":"","format":"standard","meta":[],"categories":[20],"tags":[],"_links":{"self":[{"href":"http:\/\/www.vhw-digitalart.de\/Wordpress\/index.php?rest_route=\/wp\/v2\/posts\/1941"}],"collection":[{"href":"http:\/\/www.vhw-digitalart.de\/Wordpress\/index.php?rest_route=\/wp\/v2\/posts"}],"about":[{"href":"http:\/\/www.vhw-digitalart.de\/Wordpress\/index.php?rest_route=\/wp\/v2\/types\/post"}],"author":[{"embeddable":true,"href":"http:\/\/www.vhw-digitalart.de\/Wordpress\/index.php?rest_route=\/wp\/v2\/users\/1"}],"replies":[{"embeddable":true,"href":"http:\/\/www.vhw-digitalart.de\/Wordpress\/index.php?rest_route=%2Fwp%2Fv2%2Fcomments&post=1941"}],"version-history":[{"count":3,"href":"http:\/\/www.vhw-digitalart.de\/Wordpress\/index.php?rest_route=\/wp\/v2\/posts\/1941\/revisions"}],"predecessor-version":[{"id":1944,"href":"http:\/\/www.vhw-digitalart.de\/Wordpress\/index.php?rest_route=\/wp\/v2\/posts\/1941\/revisions\/1944"}],"wp:attachment":[{"href":"http:\/\/www.vhw-digitalart.de\/Wordpress\/index.php?rest_route=%2Fwp%2Fv2%2Fmedia&parent=1941"}],"wp:term":[{"taxonomy":"category","embeddable":true,"href":"http:\/\/www.vhw-digitalart.de\/Wordpress\/index.php?rest_route=%2Fwp%2Fv2%2Fcategories&post=1941"},{"taxonomy":"post_tag","embeddable":true,"href":"http:\/\/www.vhw-digitalart.de\/Wordpress\/index.php?rest_route=%2Fwp%2Fv2%2Ftags&post=1941"}],"curies":[{"name":"wp","href":"https:\/\/api.w.org\/{rel}","templated":true}]}}